{"id":996,"date":"2025-03-12T18:48:12","date_gmt":"2025-03-12T18:48:12","guid":{"rendered":"https:\/\/acesm.com.br\/site\/?p=996"},"modified":"2025-04-04T18:52:12","modified_gmt":"2025-04-04T18:52:12","slug":"tiro-de-guerra-de-sao-manuel","status":"publish","type":"post","link":"https:\/\/acesm.com.br\/site\/2025\/03\/12\/tiro-de-guerra-de-sao-manuel\/","title":{"rendered":"Tiro de Guerra de S\u00e3o Manuel"},"content":{"rendered":"<p>Nosso presidente, Roberto Alencar, teve a honra de receber das m\u00e3os do Subtenente Idogianderson o convite para participar da solenidade de matr\u00edcula dos novos atiradores do Tiro de Guerra de S\u00e3o Manuel. Um momento de celebra\u00e7\u00e3o e compromisso com a forma\u00e7\u00e3o de jovens cidad\u00e3os <span class=\"html-span xexx8yu x4uap5 x18d9i69 xkhd6sd x1hl2dhg x16tdsg8 x1vvkbs x3nfvp2 x1j61x8r x1fcty0u xdj266r xat24cr xgzva0m xhhsvwb xxymvpz xlup9mm x1kky2od\"><img loading=\"lazy\" decoding=\"async\" class=\"xz74otr x168nmei x13lgxp2 x5pf9jr xo71vjh\" src=\"https:\/\/static.xx.fbcdn.net\/images\/emoji.php\/v9\/t33\/1\/16\/2705.png\" alt=\"&#x2705;\" width=\"16\" height=\"16\" \/><\/span><span class=\"html-span xexx8yu x4uap5 x18d9i69 xkhd6sd x1hl2dhg x16tdsg8 x1vvkbs x3nfvp2 x1j61x8r x1fcty0u xdj266r xat24cr xgzva0m xhhsvwb xxymvpz xlup9mm x1kky2od\"><img loading=\"lazy\" decoding=\"async\" class=\"xz74otr x168nmei x13lgxp2 x5pf9jr xo71vjh\" src=\"https:\/\/static.xx.fbcdn.net\/images\/emoji.php\/v9\/tb0\/1\/16\/1f3af.png\" alt=\"&#x1f3af;\" width=\"16\" height=\"16\" \/><\/span><\/p>\n<div style=\"padding-bottom:20px; padding-top:10px;\" class=\"hupso-share-buttons\"><!-- Hupso Share Buttons - https:\/\/www.hupso.com\/share\/ --><a class=\"hupso_counters\" href=\"https:\/\/www.hupso.com\/share\/\"><img decoding=\"async\" src=\"https:\/\/static.hupso.com\/share\/buttons\/dot.png\" style=\"border:0px; padding-top:2px; float:left;\" alt=\"Share Button\"\/><\/a><script type=\"text\/javascript\">var hupso_services_c=new Array(\"twitter\",\"facebook_like\",\"facebook_send\",\"google\",\"pinterest\",\"email\",\"print\",\"linkedin\");var hupso_counters_lang = \"pt_BR\";var hupso_image_folder_url = \"\";var hupso_url_c=\"\";var hupso_title_c=\"Tiro%20de%20Guerra%20de%20S%C3%A3o%20Manuel\";<\/script><script type=\"text\/javascript\" src=\"https:\/\/static.hupso.com\/share\/js\/counters.js\"><\/script><!-- Hupso Share Buttons --><\/div>","protected":false},"excerpt":{"rendered":"<p>Nosso presidente, Roberto Alencar, teve a honra de receber das m\u00e3os do Subtenente Idogianderson o convite para participar da solenidade de matr\u00edcula dos novos atiradores do Tiro de Guerra de S\u00e3o Manuel. Um momento de celebra\u00e7\u00e3o e compromisso com a forma\u00e7\u00e3o de jovens cidad\u00e3os<\/p>\n","protected":false},"author":1,"featured_media":999,"comment_status":"open","ping_status":"closed","sticky":false,"template":"","format":"standard","meta":{"footnotes":""},"categories":[11],"tags":[],"class_list":["post-996","post","type-post","status-publish","format-standard","has-post-thumbnail","hentry","category-noticias"],"_links":{"self":[{"href":"https:\/\/acesm.com.br\/site\/wp-json\/wp\/v2\/posts\/996","targetHints":{"allow":["GET"]}}],"collection":[{"href":"https:\/\/acesm.com.br\/site\/wp-json\/wp\/v2\/posts"}],"about":[{"href":"https:\/\/acesm.com.br\/site\/wp-json\/wp\/v2\/types\/post"}],"author":[{"embeddable":true,"href":"https:\/\/acesm.com.br\/site\/wp-json\/wp\/v2\/users\/1"}],"replies":[{"embeddable":true,"href":"https:\/\/acesm.com.br\/site\/wp-json\/wp\/v2\/comments?post=996"}],"version-history":[{"count":1,"href":"https:\/\/acesm.com.br\/site\/wp-json\/wp\/v2\/posts\/996\/revisions"}],"predecessor-version":[{"id":998,"href":"https:\/\/acesm.com.br\/site\/wp-json\/wp\/v2\/posts\/996\/revisions\/998"}],"wp:featuredmedia":[{"embeddable":true,"href":"https:\/\/acesm.com.br\/site\/wp-json\/wp\/v2\/media\/999"}],"wp:attachment":[{"href":"https:\/\/acesm.com.br\/site\/wp-json\/wp\/v2\/media?parent=996"}],"wp:term":[{"taxonomy":"category","embeddable":true,"href":"https:\/\/acesm.com.br\/site\/wp-json\/wp\/v2\/categories?post=996"},{"taxonomy":"post_tag","embeddable":true,"href":"https:\/\/acesm.com.br\/site\/wp-json\/wp\/v2\/tags?post=996"}],"curies":[{"name":"wp","href":"https:\/\/api.w.org\/{rel}","templated":true}]}}