{"id":1313,"date":"2026-09-02T23:56:58","date_gmt":"2026-09-02T23:56:58","guid":{"rendered":"https:\/\/acesm.com.br\/site\/?p=1313"},"modified":"2026-09-02T23:56:58","modified_gmt":"2026-09-02T23:56:58","slug":"setembro-chegou-e-voce-ja-conferiu-o-calendario","status":"publish","type":"post","link":"https:\/\/acesm.com.br\/site\/2026\/09\/02\/setembro-chegou-e-voce-ja-conferiu-o-calendario\/","title":{"rendered":"Setembro chegou! E voc\u00ea j\u00e1 conferiu o calend\u00e1rio?"},"content":{"rendered":"<div class=\"x14z9mp xat24cr x1lziwak x1vvkbs xtlvy1s x126k92a\">\n<div dir=\"auto\">O calend\u00e1rio pode ser uma ferramenta para planejar o seu neg\u00f3cio. Datas comemorativas s\u00e3o oportunidades para criar campanhas, movimentar as redes sociais, preparar vitrines, desenvolver ofertas e, principalmente, aproximar sua empresa dos clientes.<\/div>\n<div dir=\"auto\"><\/div>\n<\/div>\n<div class=\"x14z9mp xat24cr x1lziwak x1vvkbs xtlvy1s x126k92a\">\n<div dir=\"auto\">Confira o calend\u00e1rio, escolha as datas que fazem sentido para sua empresa e comece a preparar suas a\u00e7\u00f5es. <span class=\"html-span xexx8yu xyri2b x18d9i69 x1c1uobl x1hl2dhg x16tdsg8 x1vvkbs x3nfvp2 x1j61x8r x1fcty0u xdj266r xat24cr xm2jcoa x1mpyi22 xxymvpz xlup9mm x1kky2od\"><img loading=\"lazy\" decoding=\"async\" class=\"xz74otr x15mokao x1ga7v0g x16uus16 xbiv7yw\" src=\"https:\/\/static.xx.fbcdn.net\/images\/emoji.php\/v9\/t3c\/1\/16\/1f4a1.png\" alt=\"&#x1f4a1;\" width=\"16\" height=\"16\" \/><\/span><span class=\"html-span xexx8yu xyri2b x18d9i69 x1c1uobl x1hl2dhg x16tdsg8 x1vvkbs x3nfvp2 x1j61x8r x1fcty0u xdj266r xat24cr xm2jcoa x1mpyi22 xxymvpz xlup9mm x1kky2od\"><img loading=\"lazy\" decoding=\"async\" class=\"xz74otr x15mokao x1ga7v0g x16uus16 xbiv7yw\" src=\"https:\/\/static.xx.fbcdn.net\/images\/emoji.php\/v9\/t1\/1\/16\/1f4c8.png\" alt=\"&#x1f4c8;\" width=\"16\" height=\"16\" \/><\/span><\/div>\n<div dir=\"auto\"><span class=\"html-span xexx8yu xyri2b x18d9i69 x1c1uobl x1hl2dhg x16tdsg8 x1vvkbs x3nfvp2 x1j61x8r x1fcty0u xdj266r xat24cr xm2jcoa x1mpyi22 xxymvpz xlup9mm x1kky2od\"><img loading=\"lazy\" decoding=\"async\" class=\"xz74otr x15mokao x1ga7v0g x16uus16 xbiv7yw\" src=\"https:\/\/static.xx.fbcdn.net\/images\/emoji.php\/v9\/td8\/1\/16\/1f4f2.png\" alt=\"&#x1f4f2;\" width=\"16\" height=\"16\" \/><\/span>(14) 99610-2957 | (14) 99129-5607<\/div>\n<div dir=\"auto\"><span class=\"html-span xexx8yu xyri2b x18d9i69 x1c1uobl x1hl2dhg x16tdsg8 x1vvkbs x3nfvp2 x1j61x8r x1fcty0u xdj266r xat24cr xm2jcoa x1mpyi22 xxymvpz xlup9mm x1kky2od\"><img loading=\"lazy\" decoding=\"async\" class=\"xz74otr x15mokao x1ga7v0g x16uus16 xbiv7yw\" src=\"https:\/\/static.xx.fbcdn.net\/images\/emoji.php\/v9\/t2d\/1\/16\/1f4cd.png\" alt=\"&#x1f4cd;\" width=\"16\" height=\"16\" \/><\/span>Rua Marcelo Giorgi, N\u00ba150<\/div>\n<\/div>\n<div dir=\"auto\"><\/div>\n<div dir=\"auto\"><img loading=\"lazy\" decoding=\"async\" class=\"alignnone size-large wp-image-1314\" src=\"https:\/\/acesm.com.br\/site\/wp-content\/uploads\/2026\/09\/787000833_1396495885957023_8570302909348553878_n-820x1024.jpg\" alt=\"\" width=\"820\" height=\"1024\" \/><\/div>\n<div style=\"padding-bottom:20px; padding-top:10px;\" class=\"hupso-share-buttons\"><!-- Hupso Share Buttons - https:\/\/www.hupso.com\/share\/ --><a class=\"hupso_counters\" href=\"https:\/\/www.hupso.com\/share\/\"><img decoding=\"async\" src=\"https:\/\/static.hupso.com\/share\/buttons\/dot.png\" style=\"border:0px; padding-top:2px; float:left;\" alt=\"Share Button\"\/><\/a><script type=\"text\/javascript\">var hupso_services_c=new Array(\"twitter\",\"facebook_like\",\"facebook_send\",\"google\",\"pinterest\",\"email\",\"print\",\"linkedin\");var hupso_counters_lang = \"pt_BR\";var hupso_image_folder_url = \"\";var hupso_url_c=\"\";var hupso_title_c=\"Setembro%20chegou%21%20E%20voc%C3%AA%20j%C3%A1%20conferiu%20o%20calend%C3%A1rio%3F\";<\/script><script type=\"text\/javascript\" src=\"https:\/\/static.hupso.com\/share\/js\/counters.js\"><\/script><!-- Hupso Share Buttons --><\/div>","protected":false},"excerpt":{"rendered":"<p>O calend\u00e1rio pode ser uma ferramenta para planejar o seu neg\u00f3cio. Datas comemorativas s\u00e3o oportunidades para criar campanhas, movimentar as redes sociais, preparar vitrines, desenvolver ofertas e, principalmente, aproximar sua empresa dos clientes. Confira o calend\u00e1rio, escolha as datas que fazem sentido para sua empresa e comece a preparar suas a\u00e7\u00f5es. (14) 99610-2957 | (14) [&hellip;]<\/p>\n","protected":false},"author":1,"featured_media":1314,"comment_status":"open","ping_status":"closed","sticky":false,"template":"","format":"standard","meta":{"footnotes":""},"categories":[11],"tags":[],"class_list":["post-1313","post","type-post","status-publish","format-standard","has-post-thumbnail","hentry","category-noticias"],"_links":{"self":[{"href":"https:\/\/acesm.com.br\/site\/wp-json\/wp\/v2\/posts\/1313","targetHints":{"allow":["GET"]}}],"collection":[{"href":"https:\/\/acesm.com.br\/site\/wp-json\/wp\/v2\/posts"}],"about":[{"href":"https:\/\/acesm.com.br\/site\/wp-json\/wp\/v2\/types\/post"}],"author":[{"embeddable":true,"href":"https:\/\/acesm.com.br\/site\/wp-json\/wp\/v2\/users\/1"}],"replies":[{"embeddable":true,"href":"https:\/\/acesm.com.br\/site\/wp-json\/wp\/v2\/comments?post=1313"}],"version-history":[{"count":1,"href":"https:\/\/acesm.com.br\/site\/wp-json\/wp\/v2\/posts\/1313\/revisions"}],"predecessor-version":[{"id":1315,"href":"https:\/\/acesm.com.br\/site\/wp-json\/wp\/v2\/posts\/1313\/revisions\/1315"}],"wp:featuredmedia":[{"embeddable":true,"href":"https:\/\/acesm.com.br\/site\/wp-json\/wp\/v2\/media\/1314"}],"wp:attachment":[{"href":"https:\/\/acesm.com.br\/site\/wp-json\/wp\/v2\/media?parent=1313"}],"wp:term":[{"taxonomy":"category","embeddable":true,"href":"https:\/\/acesm.com.br\/site\/wp-json\/wp\/v2\/categories?post=1313"},{"taxonomy":"post_tag","embeddable":true,"href":"https:\/\/acesm.com.br\/site\/wp-json\/wp\/v2\/tags?post=1313"}],"curies":[{"name":"wp","href":"https:\/\/api.w.org\/{rel}","templated":true}]}}