{"id":1249,"date":"2026-03-15T16:09:31","date_gmt":"2026-03-15T16:09:31","guid":{"rendered":"https:\/\/acesm.com.br\/site\/?p=1249"},"modified":"2026-03-15T16:09:31","modified_gmt":"2026-03-15T16:09:31","slug":"feliz-dia-do-consumidor","status":"publish","type":"post","link":"https:\/\/acesm.com.br\/site\/2026\/03\/15\/feliz-dia-do-consumidor\/","title":{"rendered":"Feliz dia do Consumidor"},"content":{"rendered":"<div dir=\"auto\">O Dia do Consumidor \u00e9 uma data para reconhecer a import\u00e2ncia de quem movimenta o com\u00e9rcio e fortalece nossa cidade.<\/div>\n<div dir=\"auto\">A Associa\u00e7\u00e3o Comercial e Empresarial de S\u00e3o Manuel parabeniza todos os consumidores e agradece por apoiar o com\u00e9rcio local<\/div>\n<div dir=\"auto\"><\/div>\n<div dir=\"auto\"><img loading=\"lazy\" decoding=\"async\" class=\"alignnone size-large wp-image-1250\" src=\"https:\/\/acesm.com.br\/site\/wp-content\/uploads\/2026\/03\/01-819x1024.jpg\" alt=\"\" width=\"819\" height=\"1024\" \/><\/div>\n<div style=\"padding-bottom:20px; padding-top:10px;\" class=\"hupso-share-buttons\"><!-- Hupso Share Buttons - https:\/\/www.hupso.com\/share\/ --><a class=\"hupso_counters\" href=\"https:\/\/www.hupso.com\/share\/\"><img decoding=\"async\" src=\"https:\/\/static.hupso.com\/share\/buttons\/dot.png\" style=\"border:0px; padding-top:2px; float:left;\" alt=\"Share Button\"\/><\/a><script type=\"text\/javascript\">var hupso_services_c=new Array(\"twitter\",\"facebook_like\",\"facebook_send\",\"google\",\"pinterest\",\"email\",\"print\",\"linkedin\");var hupso_counters_lang = \"pt_BR\";var hupso_image_folder_url = \"\";var hupso_url_c=\"\";var hupso_title_c=\"Feliz%20dia%20do%20Consumidor\";<\/script><script type=\"text\/javascript\" src=\"https:\/\/static.hupso.com\/share\/js\/counters.js\"><\/script><!-- Hupso Share Buttons --><\/div>","protected":false},"excerpt":{"rendered":"<p>O Dia do Consumidor \u00e9 uma data para reconhecer a import\u00e2ncia de quem movimenta o com\u00e9rcio e fortalece nossa cidade. A Associa\u00e7\u00e3o Comercial e Empresarial de S\u00e3o Manuel parabeniza todos os consumidores e agradece por apoiar o com\u00e9rcio local<\/p>\n","protected":false},"author":1,"featured_media":1250,"comment_status":"open","ping_status":"closed","sticky":false,"template":"","format":"standard","meta":{"footnotes":""},"categories":[11],"tags":[],"class_list":["post-1249","post","type-post","status-publish","format-standard","has-post-thumbnail","hentry","category-noticias"],"_links":{"self":[{"href":"https:\/\/acesm.com.br\/site\/wp-json\/wp\/v2\/posts\/1249","targetHints":{"allow":["GET"]}}],"collection":[{"href":"https:\/\/acesm.com.br\/site\/wp-json\/wp\/v2\/posts"}],"about":[{"href":"https:\/\/acesm.com.br\/site\/wp-json\/wp\/v2\/types\/post"}],"author":[{"embeddable":true,"href":"https:\/\/acesm.com.br\/site\/wp-json\/wp\/v2\/users\/1"}],"replies":[{"embeddable":true,"href":"https:\/\/acesm.com.br\/site\/wp-json\/wp\/v2\/comments?post=1249"}],"version-history":[{"count":1,"href":"https:\/\/acesm.com.br\/site\/wp-json\/wp\/v2\/posts\/1249\/revisions"}],"predecessor-version":[{"id":1251,"href":"https:\/\/acesm.com.br\/site\/wp-json\/wp\/v2\/posts\/1249\/revisions\/1251"}],"wp:featuredmedia":[{"embeddable":true,"href":"https:\/\/acesm.com.br\/site\/wp-json\/wp\/v2\/media\/1250"}],"wp:attachment":[{"href":"https:\/\/acesm.com.br\/site\/wp-json\/wp\/v2\/media?parent=1249"}],"wp:term":[{"taxonomy":"category","embeddable":true,"href":"https:\/\/acesm.com.br\/site\/wp-json\/wp\/v2\/categories?post=1249"},{"taxonomy":"post_tag","embeddable":true,"href":"https:\/\/acesm.com.br\/site\/wp-json\/wp\/v2\/tags?post=1249"}],"curies":[{"name":"wp","href":"https:\/\/api.w.org\/{rel}","templated":true}]}}