{"id":1240,"date":"2026-03-15T16:07:10","date_gmt":"2026-03-15T16:07:10","guid":{"rendered":"https:\/\/acesm.com.br\/site\/?p=1240"},"modified":"2026-03-15T16:07:10","modified_gmt":"2026-03-15T16:07:10","slug":"visita-a-escola-walter-carrer","status":"publish","type":"post","link":"https:\/\/acesm.com.br\/site\/2026\/03\/15\/visita-a-escola-walter-carrer\/","title":{"rendered":"Visita \u00e0 Escola Walter Carrer"},"content":{"rendered":"<div class=\"xdj266r x14z9mp xat24cr x1lziwak x1vvkbs x126k92a\">\n<div dir=\"auto\">No dia 05 de mar\u00e7o, a Associa\u00e7\u00e3o Comercial de S\u00e3o Manuel realizou uma visita \u00e0 Escola Walter Carrer, conversando com alunos do 2\u00ba e 3\u00ba ano do curso t\u00e9cnico, no per\u00edodo da manh\u00e3.<\/div>\n<\/div>\n<div class=\"x14z9mp xat24cr x1lziwak x1vvkbs xtlvy1s x126k92a\">\n<div dir=\"auto\">Durante o encontro, foi apresentado aos estudantes como funciona o est\u00e1gio no mercado de trabalho e realizada a capta\u00e7\u00e3o de curr\u00edculos. Os alunos tamb\u00e9m receberam orienta\u00e7\u00f5es para cadastrar seus dados no Banco de Curr\u00edculos dispon\u00edvel no site da ACESM, facilitando o acesso dos empres\u00e1rios associados quando surgirem novas oportunidades de emprego.<\/div>\n<\/div>\n<div class=\"x14z9mp xat24cr x1lziwak x1vvkbs xtlvy1s x126k92a\">\n<div dir=\"auto\">A ACESM agradece \u00e0 professora Mislene e \u00e0 coordena\u00e7\u00e3o da escola pela parceria e pela oportunidade de apresentar aos alunos um pouco mais sobre os servi\u00e7os e iniciativas oferecidos pela Associa\u00e7\u00e3o Comercial.<\/div>\n<\/div>\n<div dir=\"auto\"><\/div>\n<div dir=\"auto\">\n<div class=\"et_pb_slider et_pb_slider_fullwidth_off et_pb_gallery_post_type\">\n\t\t\t\t<div class=\"et_pb_slides\">\n\t\t\t\t\t<div class=\"et_pb_slide\" style=\"background: url(https:\/\/acesm.com.br\/site\/wp-content\/uploads\/2026\/03\/escola_03.jpg);\"><\/div><div class=\"et_pb_slide\" style=\"background: url(https:\/\/acesm.com.br\/site\/wp-content\/uploads\/2026\/03\/escola_02.jpg);\"><\/div><div class=\"et_pb_slide\" style=\"background: url(https:\/\/acesm.com.br\/site\/wp-content\/uploads\/2026\/03\/escola_01.jpg);\"><\/div>\n\t\t\t\t<\/div>\n\t\t\t<\/div>\n<\/div>\n<div style=\"padding-bottom:20px; padding-top:10px;\" class=\"hupso-share-buttons\"><!-- Hupso Share Buttons - https:\/\/www.hupso.com\/share\/ --><a class=\"hupso_counters\" href=\"https:\/\/www.hupso.com\/share\/\"><img decoding=\"async\" src=\"https:\/\/static.hupso.com\/share\/buttons\/dot.png\" style=\"border:0px; padding-top:2px; float:left;\" alt=\"Share Button\"\/><\/a><script type=\"text\/javascript\">var hupso_services_c=new Array(\"twitter\",\"facebook_like\",\"facebook_send\",\"google\",\"pinterest\",\"email\",\"print\",\"linkedin\");var hupso_counters_lang = \"pt_BR\";var hupso_image_folder_url = \"\";var hupso_url_c=\"\";var hupso_title_c=\"Visita%20%C3%A0%20Escola%20Walter%20Carrer\";<\/script><script type=\"text\/javascript\" src=\"https:\/\/static.hupso.com\/share\/js\/counters.js\"><\/script><!-- Hupso Share Buttons --><\/div>","protected":false},"excerpt":{"rendered":"<p>No dia 05 de mar\u00e7o, a Associa\u00e7\u00e3o Comercial de S\u00e3o Manuel realizou uma visita \u00e0 Escola Walter Carrer, conversando com alunos do 2\u00ba e 3\u00ba ano do curso t\u00e9cnico, no per\u00edodo da manh\u00e3. Durante o encontro, foi apresentado aos estudantes como funciona o est\u00e1gio no mercado de trabalho e realizada a capta\u00e7\u00e3o de curr\u00edculos. Os [&hellip;]<\/p>\n","protected":false},"author":1,"featured_media":1243,"comment_status":"open","ping_status":"closed","sticky":false,"template":"","format":"standard","meta":{"footnotes":""},"categories":[11],"tags":[],"class_list":["post-1240","post","type-post","status-publish","format-standard","has-post-thumbnail","hentry","category-noticias"],"_links":{"self":[{"href":"https:\/\/acesm.com.br\/site\/wp-json\/wp\/v2\/posts\/1240","targetHints":{"allow":["GET"]}}],"collection":[{"href":"https:\/\/acesm.com.br\/site\/wp-json\/wp\/v2\/posts"}],"about":[{"href":"https:\/\/acesm.com.br\/site\/wp-json\/wp\/v2\/types\/post"}],"author":[{"embeddable":true,"href":"https:\/\/acesm.com.br\/site\/wp-json\/wp\/v2\/users\/1"}],"replies":[{"embeddable":true,"href":"https:\/\/acesm.com.br\/site\/wp-json\/wp\/v2\/comments?post=1240"}],"version-history":[{"count":1,"href":"https:\/\/acesm.com.br\/site\/wp-json\/wp\/v2\/posts\/1240\/revisions"}],"predecessor-version":[{"id":1244,"href":"https:\/\/acesm.com.br\/site\/wp-json\/wp\/v2\/posts\/1240\/revisions\/1244"}],"wp:featuredmedia":[{"embeddable":true,"href":"https:\/\/acesm.com.br\/site\/wp-json\/wp\/v2\/media\/1243"}],"wp:attachment":[{"href":"https:\/\/acesm.com.br\/site\/wp-json\/wp\/v2\/media?parent=1240"}],"wp:term":[{"taxonomy":"category","embeddable":true,"href":"https:\/\/acesm.com.br\/site\/wp-json\/wp\/v2\/categories?post=1240"},{"taxonomy":"post_tag","embeddable":true,"href":"https:\/\/acesm.com.br\/site\/wp-json\/wp\/v2\/tags?post=1240"}],"curies":[{"name":"wp","href":"https:\/\/api.w.org\/{rel}","templated":true}]}}