{"id":1017,"date":"2025-05-07T19:03:14","date_gmt":"2025-05-07T19:03:14","guid":{"rendered":"https:\/\/acesm.com.br\/site\/?p=1017"},"modified":"2025-05-07T19:03:14","modified_gmt":"2025-05-07T19:03:14","slug":"hoje-foi-dia-de-celebrar-novos-comecos","status":"publish","type":"post","link":"https:\/\/acesm.com.br\/site\/2025\/05\/07\/hoje-foi-dia-de-celebrar-novos-comecos\/","title":{"rendered":"Hoje foi dia de celebrar novos come\u00e7os!"},"content":{"rendered":"<div dir=\"auto\">A ACESM esteve presente na inaugura\u00e7\u00e3o da loja Cores Vivas, mais um empreendimento que chega para fortalecer o com\u00e9rcio da nossa cidade.<\/div>\n<div dir=\"auto\">Desejamos muito sucesso e que essa conquista traga ainda mais cor e prosperidade para todos! <span class=\"html-span xexx8yu x4uap5 x18d9i69 xkhd6sd x1hl2dhg x16tdsg8 x1vvkbs x3nfvp2 x1j61x8r x1fcty0u xdj266r xat24cr xgzva0m xhhsvwb xxymvpz xlup9mm x1kky2od\"><img loading=\"lazy\" decoding=\"async\" class=\"xz74otr x168nmei x13lgxp2 x5pf9jr xo71vjh\" src=\"https:\/\/static.xx.fbcdn.net\/images\/emoji.php\/v9\/t60\/1\/16\/1f91d_1f3fc.png\" alt=\"&#x1f91d;&#x1f3fc;\" width=\"16\" height=\"16\" \/><\/span><\/div>\n<div dir=\"auto\">_<\/div>\n<div dir=\"auto\">Para mais informa\u00e7\u00f5es, entre em contato:<\/div>\n<div dir=\"auto\"><span class=\"html-span xdj266r x11i5rnm xat24cr x1mh8g0r xexx8yu x4uap5 x18d9i69 xkhd6sd x1hl2dhg x16tdsg8 x1vvkbs\"><a class=\"x1i10hfl xjbqb8w x1ejq31n xd10rxx x1sy0etr x17r0tee x972fbf xcfux6l x1qhh985 xm0m39n x9f619 x1ypdohk xt0psk2 xe8uvvx xdj266r x11i5rnm xat24cr x1mh8g0r xexx8yu x4uap5 x18d9i69 xkhd6sd x16tdsg8 x1hl2dhg xggy1nq x1a2a7pz xkrqix3 x1sur9pj x1fey0fg x1s688f\" tabindex=\"0\" role=\"link\" href=\"https:\/\/wa.me\/message\/WFRZBR6Q5U6BB1?fbclid=IwZXh0bgNhZW0CMTAAYnJpZBExMk5sb0NCeG5hZGo2azNUNwEe2Aur6XJM7IMwXWGdJOJ-BvZCz2t6s5DWrsIUWQ91Za-HHNgr6x1xGhXhfsE_aem_OPxBiY8Gy4WceqIoZtyi0w\" target=\"_blank\" rel=\"nofollow noopener noreferrer\">https:\/\/wa.me\/message\/WFRZBR6Q5U6BB1<\/a><\/span><\/div>\n<div dir=\"auto\"><span class=\"html-span xexx8yu x4uap5 x18d9i69 xkhd6sd x1hl2dhg x16tdsg8 x1vvkbs x3nfvp2 x1j61x8r x1fcty0u xdj266r xat24cr xgzva0m xhhsvwb xxymvpz xlup9mm x1kky2od\"><img loading=\"lazy\" decoding=\"async\" class=\"xz74otr x168nmei x13lgxp2 x5pf9jr xo71vjh\" src=\"https:\/\/static.xx.fbcdn.net\/images\/emoji.php\/v9\/t22\/1\/16\/260e.png\" alt=\"&#x260e;&#xfe0f;\" width=\"16\" height=\"16\" \/><\/span>14.3842-7172 \/ 14.3842-7220<\/div>\n<div dir=\"auto\"><\/div>\n<div dir=\"auto\">GALERIA DE FOTOS:<\/div>\n<div dir=\"auto\">\n<div class=\"et_pb_slider et_pb_slider_fullwidth_off et_pb_gallery_post_type\">\n\t\t\t\t<div class=\"et_pb_slides\">\n\t\t\t\t\t<div class=\"et_pb_slide\" style=\"background: url(https:\/\/acesm.com.br\/site\/wp-content\/uploads\/2025\/05\/02-01.jpg);\"><\/div><div class=\"et_pb_slide\" style=\"background: url(https:\/\/acesm.com.br\/site\/wp-content\/uploads\/2025\/05\/02-02.jpg);\"><\/div><div class=\"et_pb_slide\" style=\"background: url(https:\/\/acesm.com.br\/site\/wp-content\/uploads\/2025\/05\/02-03.jpg);\"><\/div>\n\t\t\t\t<\/div>\n\t\t\t<\/div>\n<\/div>\n<div style=\"padding-bottom:20px; padding-top:10px;\" class=\"hupso-share-buttons\"><!-- Hupso Share Buttons - https:\/\/www.hupso.com\/share\/ --><a class=\"hupso_counters\" href=\"https:\/\/www.hupso.com\/share\/\"><img decoding=\"async\" src=\"https:\/\/static.hupso.com\/share\/buttons\/dot.png\" style=\"border:0px; padding-top:2px; float:left;\" alt=\"Share Button\"\/><\/a><script type=\"text\/javascript\">var hupso_services_c=new Array(\"twitter\",\"facebook_like\",\"facebook_send\",\"google\",\"pinterest\",\"email\",\"print\",\"linkedin\");var hupso_counters_lang = \"pt_BR\";var hupso_image_folder_url = \"\";var hupso_url_c=\"\";var hupso_title_c=\"Hoje%20foi%20dia%20de%20celebrar%20novos%20come%C3%A7os%21\";<\/script><script type=\"text\/javascript\" src=\"https:\/\/static.hupso.com\/share\/js\/counters.js\"><\/script><!-- Hupso Share Buttons --><\/div>","protected":false},"excerpt":{"rendered":"<p>A ACESM esteve presente na inaugura\u00e7\u00e3o da loja Cores Vivas, mais um empreendimento que chega para fortalecer o com\u00e9rcio da nossa cidade. Desejamos muito sucesso e que essa conquista traga ainda mais cor e prosperidade para todos! _ Para mais informa\u00e7\u00f5es, entre em contato: https:\/\/wa.me\/message\/WFRZBR6Q5U6BB1 14.3842-7172 \/ 14.3842-7220 GALERIA DE FOTOS:<\/p>\n","protected":false},"author":1,"featured_media":1018,"comment_status":"open","ping_status":"closed","sticky":false,"template":"","format":"standard","meta":{"footnotes":""},"categories":[11],"tags":[],"class_list":["post-1017","post","type-post","status-publish","format-standard","has-post-thumbnail","hentry","category-noticias"],"_links":{"self":[{"href":"https:\/\/acesm.com.br\/site\/wp-json\/wp\/v2\/posts\/1017","targetHints":{"allow":["GET"]}}],"collection":[{"href":"https:\/\/acesm.com.br\/site\/wp-json\/wp\/v2\/posts"}],"about":[{"href":"https:\/\/acesm.com.br\/site\/wp-json\/wp\/v2\/types\/post"}],"author":[{"embeddable":true,"href":"https:\/\/acesm.com.br\/site\/wp-json\/wp\/v2\/users\/1"}],"replies":[{"embeddable":true,"href":"https:\/\/acesm.com.br\/site\/wp-json\/wp\/v2\/comments?post=1017"}],"version-history":[{"count":1,"href":"https:\/\/acesm.com.br\/site\/wp-json\/wp\/v2\/posts\/1017\/revisions"}],"predecessor-version":[{"id":1021,"href":"https:\/\/acesm.com.br\/site\/wp-json\/wp\/v2\/posts\/1017\/revisions\/1021"}],"wp:featuredmedia":[{"embeddable":true,"href":"https:\/\/acesm.com.br\/site\/wp-json\/wp\/v2\/media\/1018"}],"wp:attachment":[{"href":"https:\/\/acesm.com.br\/site\/wp-json\/wp\/v2\/media?parent=1017"}],"wp:term":[{"taxonomy":"category","embeddable":true,"href":"https:\/\/acesm.com.br\/site\/wp-json\/wp\/v2\/categories?post=1017"},{"taxonomy":"post_tag","embeddable":true,"href":"https:\/\/acesm.com.br\/site\/wp-json\/wp\/v2\/tags?post=1017"}],"curies":[{"name":"wp","href":"https:\/\/api.w.org\/{rel}","templated":true}]}}